[{"@context":"https:\/\/schema.org\/","@type":"Article","@id":"https:\/\/www.yrtep.cz\/zacatek-konce-nasi-svobody\/#Article","mainEntityOfPage":"https:\/\/www.yrtep.cz\/zacatek-konce-nasi-svobody\/","headline":"Za\u010d\u00e1tek konce na\u0161\u00ed svobody?","name":"Za\u010d\u00e1tek konce na\u0161\u00ed svobody?","description":"Jsou situace, kdy se n\u00e1m lidem nab\u00edz\u00ed n\u011bco dobr\u00e9ho, ale my se to zdr\u00e1h\u00e1me p\u0159ijmout nebo to dokonce odm\u00edt\u00e1me. Jist\u011b, po\u010d\u00edn\u00e1me si t\u00edm p\u00e1dem vlastn\u011b hloup\u011b a jsme tak sami proti sob\u011b, ale kdy\u017e se nad t\u00edm zamysl\u00edme, pro\u010d by to tak nemohlo b\u00fdt? Kdy\u017e se n\u00e1m nechce do n\u011b\u010deho, co je jenom na\u0161e osobn\u00ed","datePublished":"2023-11-30","dateModified":"2023-11-30","author":{"@type":"Person","@id":"https:\/\/www.yrtep.cz\/author\/#Person","name":"","url":"https:\/\/www.yrtep.cz\/author\/","identifier":1,"image":{"@type":"ImageObject","@id":"https:\/\/secure.gravatar.com\/avatar\/212a6ea425a80cff3df937dbbc230f07127cee4fead311d1e3d946308365d666?s=96&d=mm&r=g","url":"https:\/\/secure.gravatar.com\/avatar\/212a6ea425a80cff3df937dbbc230f07127cee4fead311d1e3d946308365d666?s=96&d=mm&r=g","height":96,"width":96}},"publisher":{"@type":"Organization","name":"yrtep.cz","logo":{"@type":"ImageObject","@id":"\/logo.png","url":"\/logo.png","width":600,"height":60}},"image":{"@type":"ImageObject","@id":"https:\/\/www.yrtep.cz\/wp-content\/uploads\/z_10_5.jpg","url":"https:\/\/www.yrtep.cz\/wp-content\/uploads\/z_10_5.jpg","height":0,"width":0},"url":"https:\/\/www.yrtep.cz\/zacatek-konce-nasi-svobody\/","about":["Zdrav\u00ed"],"wordCount":519,"articleBody":"Jsou situace, kdy se n\u00e1m lidem nab\u00edz\u00ed n\u011bco dobr\u00e9ho, ale my se to zdr\u00e1h\u00e1me p\u0159ijmout nebo to dokonce odm\u00edt\u00e1me. Jist\u011b, po\u010d\u00edn\u00e1me si t\u00edm p\u00e1dem vlastn\u011b hloup\u011b a jsme tak sami proti sob\u011b, ale kdy\u017e se nad t\u00edm zamysl\u00edme, pro\u010d by to tak nemohlo b\u00fdt? Kdy\u017e se n\u00e1m nechce do n\u011b\u010deho, co je jenom na\u0161e osobn\u00ed v\u011bc, pro\u010d by n\u00e1s m\u011bl n\u011bkdo tla\u010dit do n\u011b\u010deho, o\u010d tedy zjevn\u011b nestoj\u00edme?Ale realita je jin\u00e1. Pod pl\u00e1\u0161t\u00edkem dobra jsme mnohdy nuceni k\u00a0tomu, co nechceme. A ti, kdo n\u00e1m to vnucuj\u00ed, se t\u0159eba ani nezeptaj\u00ed na n\u00e1\u0161 n\u00e1zor.Vezm\u011bte si t\u0159eba takovou ot\u00e1zku zdravotn\u011b-preventivn\u00edch program\u016f pro zam\u011bstnance. Ty se doposud nab\u00edzely na dobrovoln\u00e9 b\u00e1zi, co\u017e znamen\u00e1, \u017ee bylo jenom na zam\u011bstnavatel\u00edch, zda pro sv\u00e9 zam\u011bstnance budou n\u011bjak\u00e9 podobn\u00e9 z\u00e1le\u017eitosti za\u0159izovat. Firmy mohly nab\u00edzet n\u011bco, co prosp\u00edvalo zdrav\u00ed jejich zam\u011bstnanc\u016f, a velk\u00e9 firmy to \u010dasto i d\u011blaly. Proto\u017ee velk\u00e9 firmy si to na rozd\u00edl od t\u011bch mal\u00fdch mohly dovolit. Tak\u017ee pro\u010d by ne?Ale pak ministerstvo zdravotnictv\u00ed navrhlo, aby byla tato z\u00e1le\u017eitost povinn\u00e1. Aby ka\u017ed\u00e1 firma povinn\u011b zaji\u0161\u0165ovala zdravotn\u00ed programy pro zam\u011bstnance. Ov\u0161em zam\u011bstnavatelsk\u00e9 svazy byly proti. Proto\u017ee by to p\u0159edstavovalo hlavn\u011b pro mal\u00e9 firmy dal\u0161\u00ed enormn\u00ed z\u00e1t\u011b\u017e. A nejen pro takov\u00e9 firmy. Z\u00e1vodn\u00ed l\u00e9ka\u0159i m\u011bli pro zam\u011bstnance vytv\u00e1\u0159et programy, kter\u00e9 by posilovaly specificky jejich zdrav\u00ed, a firmy pak m\u011bly zaji\u0161\u0165ovat t\u0159eba preventivn\u00ed vy\u0161et\u0159en\u00ed, o\u010dkov\u00e1n\u00ed, podm\u00ednky pro absolvov\u00e1n\u00ed screeningov\u00fdch vy\u0161et\u0159en\u00ed \u010di preventivn\u00ed programy na zlep\u0161en\u00ed \u017eivotospr\u00e1vy. Proto\u017ee budou-li pr\u00fd zam\u011bstnanci zdrav\u011bj\u0161\u00ed, bude to i pro zam\u011bstnavatele v\u00fdhodn\u00e9.Po protestech nakonec ministerstvo zdravotnictv\u00ed muselo couvnout. A takov\u00e1 nab\u00eddka tedy z\u016fstane i nad\u00e1le dobrovolnou. Proto\u017ee takovou povinnost necht\u011bli nejen zam\u011bstnavatel\u00e9, ale ani prakti\u010dt\u00ed l\u00e9ka\u0159i. Kter\u00e9 by tato povinnost tak\u00e9 v\u00fdznamn\u011b zat\u011b\u017eovala.A je \u0161t\u011bst\u00ed, \u017ee to tak dopadlo. Proto\u017ee to bylo stejn\u011b hloup\u00e9 rozhodnut\u00ed. M\u011blo to b\u00fdt povinn\u00e9 pro firmy, ale ne pro zam\u011bstnance, kte\u0159\u00ed by se na podobn\u00fdch z\u00e1le\u017eitostech mohli, ale nemuseli pod\u00edlet. Asi aby proti sob\u011b vl\u00e1da nepo\u0161tvala voli\u010de. Prozat\u00edm je tedy v\u0161e p\u0159i star\u00e9m. Ale ministr V\u00e1lek v\u011b\u0159\u00ed, \u017ee to zvl\u00e1dne prosadit aspo\u0148 p\u0159\u00ed\u0161t\u00ed vl\u00e1da. A j\u00e1 douf\u00e1m, \u017ee se j\u00ed to op\u011bt nepoda\u0159\u00ed. Jinak by se mohlo jednoho dne hrav\u011b st\u00e1t, \u017ee budeme za\u010d\u00ednat ka\u017edou sm\u011bnu povinnou rozcvi\u010dkou p\u0159ed tov\u00e1rnou a doktor n\u00e1m bude t\u0159eba sestavovat zdrav\u00fd j\u00eddeln\u00ed\u010dek a kontrolovat, zda ho dodr\u017eujeme, a o\u010dkovat n\u00e1s kdo v\u00ed proti \u010demu. Na povel ministerstva.                                                                                                                                                                                                                                                                                                                                                                                                "},{"@context":"https:\/\/schema.org\/","@type":"BreadcrumbList","itemListElement":[{"@type":"ListItem","position":1,"name":"Za\u010d\u00e1tek konce na\u0161\u00ed svobody?","item":"https:\/\/www.yrtep.cz\/zacatek-konce-nasi-svobody\/#breadcrumbitem"}]}]