[{"@context":"https:\/\/schema.org\/","@type":"Article","@id":"https:\/\/www.yrtep.cz\/vytahnete-svou-pritelkyni-v-praze-na-koncert-vazne-hudby\/#Article","mainEntityOfPage":"https:\/\/www.yrtep.cz\/vytahnete-svou-pritelkyni-v-praze-na-koncert-vazne-hudby\/","headline":"Vyt\u00e1hn\u011bte svou p\u0159\u00edtelkyni v Praze na koncert v\u00e1\u017en\u00e9 hudby","name":"Vyt\u00e1hn\u011bte svou p\u0159\u00edtelkyni v Praze na koncert v\u00e1\u017en\u00e9 hudby","description":"Stalo se v\u00e1m n\u011bkdy, \u017ee jste potkali ve m\u011bst\u011b mlad\u00e9ho \u010dlov\u011bka na chodn\u00edku nebo skupinu mlad\u00fdch lid\u00ed, kte\u0159\u00ed nevn\u00edmali sv\u011bt kolem sebe, civ\u011bli do mobilu a \u017eili si ve sv\u00e9 ulit\u011b virtu\u00e1ln\u00ed reality? Takov\u00fd obraz dnes m\u016f\u017eete zahl\u00e9dnout na mnoha m\u00edstech, je to bohu\u017eel sou\u010dasn\u00ed realita, a co z takov\u00fdch lid\u00ed jednou vyroste, na to","datePublished":"2024-07-27","dateModified":"2024-07-27","author":{"@type":"Person","@id":"https:\/\/www.yrtep.cz\/author\/#Person","name":"","url":"https:\/\/www.yrtep.cz\/author\/","identifier":1,"image":{"@type":"ImageObject","@id":"https:\/\/secure.gravatar.com\/avatar\/212a6ea425a80cff3df937dbbc230f07127cee4fead311d1e3d946308365d666?s=96&d=mm&r=g","url":"https:\/\/secure.gravatar.com\/avatar\/212a6ea425a80cff3df937dbbc230f07127cee4fead311d1e3d946308365d666?s=96&d=mm&r=g","height":96,"width":96}},"publisher":{"@type":"Organization","name":"yrtep.cz","logo":{"@type":"ImageObject","@id":"\/logo.png","url":"\/logo.png","width":600,"height":60}},"image":{"@type":"ImageObject","@id":"https:\/\/www.yrtep.cz\/wp-content\/uploads\/cello-663563_640.jpg","url":"https:\/\/www.yrtep.cz\/wp-content\/uploads\/cello-663563_640.jpg","height":0,"width":0},"url":"https:\/\/www.yrtep.cz\/vytahnete-svou-pritelkyni-v-praze-na-koncert-vazne-hudby\/","about":["Spole\u010dnosti"],"wordCount":408,"articleBody":"         Stalo se v\u00e1m n\u011bkdy, \u017ee jste potkali ve m\u011bst\u011b mlad\u00e9ho \u010dlov\u011bka na chodn\u00edku nebo skupinu mlad\u00fdch lid\u00ed, kte\u0159\u00ed nevn\u00edmali sv\u011bt kolem sebe, civ\u011bli do mobilu a \u017eili si ve sv\u00e9 ulit\u011b virtu\u00e1ln\u00ed reality? Takov\u00fd obraz dnes m\u016f\u017eete zahl\u00e9dnout na mnoha m\u00edstech, je to bohu\u017eel sou\u010dasn\u00ed realita, a co z takov\u00fdch lid\u00ed jednou vyroste, na to se snad rad\u011bji ani nebudeme sna\u017eit odpov\u00eddat. Nejsou ale v\u0161ichni mlad\u00ed takov\u00ed, n\u011bkte\u0159\u00ed (a nen\u00ed jich mnoho) se chovaj\u00ed jinak. Vn\u00edmaj\u00ed, \u017ee digitalizace n\u00e1m zasahuje do \u017eivota a\u017e p\u0159\u00edli\u0161, a uzn\u00e1vaj\u00ed tradi\u010dn\u00ed hodnoty lidstv\u00ed. Nemaj\u00ed r\u00e1di um\u011blou inteligenci a rad\u011bji se zajdou proj\u00edt do parku, projet na kole, anebo zajdou na koncert klasick\u00e9 hudby, proto\u017ee tam lze objevit mnoho skvostn\u00fdch hudebn\u00edch d\u011bl, nad nimi\u017e se a\u017e taj\u00ed dech. Pokud pr\u00e1v\u011b vy pat\u0159\u00edte do t\u00e9to skupiny, a m\u00e1te po sv\u00e9m boku p\u0159\u00edtelkyni, kter\u00e1 nen\u00ed p\u0159\u00edli\u0161 zb\u011bhl\u00e1 ve v\u00e1\u017en\u00e9 hudb\u011b a domn\u00edv\u00e1 se, \u017ee jde vesm\u011bs o nevesel\u00e9 a melancholick\u00e9 motivy, vyt\u00e1hn\u011bte j\u00ed na koncert v\u00e1\u017en\u00e9 hudby v Praze https:\/\/www.bmart.cz\/cs, a\u0165 se sama p\u0159esv\u011bd\u010d\u00ed, \u017ee i tato hudba um\u00ed l\u00e9\u010dit mysl, rozveselit j\u00ed a povzn\u00e9st lidsk\u00e9ho ducha a\u017e do oblak. Zaposlouchejte se do t\u00f3n\u016f Bolera od Maurice Ravela, je to \u00fa\u017easn\u00e1 skladba, kterou z\u0159ejm\u011b dob\u0159e zn\u00e1te, ale neuv\u011bdomujete si jej\u00ed vnit\u0159n\u00ed s\u00edlu, zvl\u00e1\u0161t\u011b je-li zahran\u00e1 \u0161pi\u010dkov\u00fdmi hudebn\u00edky z Czech Collegium. Pot\u011b\u0161it by v\u00e1s mohl Bach\u016fv Air, co\u017e je jeden z barokn\u00edch skvost\u016f, s n\u00edm\u017e si navod\u00edte vzpom\u00ednky na prohl\u00eddku z\u00e1mku Troja, Kuks, Dob\u0159\u00ed\u0161, Str\u00e1\u017e nad Ne\u017e\u00e1rkou \u010di Veltrusy, kde jste spolu ned\u00e1vno byli na v\u00fdlet\u011b.A symfonickou b\u00e1se\u0148 Vltava z cyklu M\u00e1 vlast od Bed\u0159icha Smetany by si m\u011bl vyslechnout ka\u017ed\u00fd, aby pochopil, \u017ee na\u0161e nejkr\u00e1sn\u011bj\u0161\u00ed \u0159eka je z\u00e1rove\u0148 symbolem \u010desk\u00e9 st\u00e1tnosti, a \u017ee kdo ji nezn\u00e1, m\u011bl by zav\u00edtat k jej\u00edm b\u0159eh\u016fm jako cyklista nebo vod\u00e1k, aby l\u00e9pe ch\u00e1pal, \u017ee na\u0161e zem\u011b pat\u0159\u00ed k t\u011bm nejkr\u00e1sn\u011bj\u0161\u00edm na cel\u00e9m sv\u011bt\u011b.                                                                                                                                                                                                                                                                                                                                                                                                  "},{"@context":"https:\/\/schema.org\/","@type":"BreadcrumbList","itemListElement":[{"@type":"ListItem","position":1,"name":"Vyt\u00e1hn\u011bte svou p\u0159\u00edtelkyni v Praze na koncert v\u00e1\u017en\u00e9 hudby","item":"https:\/\/www.yrtep.cz\/vytahnete-svou-pritelkyni-v-praze-na-koncert-vazne-hudby\/#breadcrumbitem"}]}]