[{"@context":"https:\/\/schema.org\/","@type":"Article","@id":"https:\/\/www.yrtep.cz\/ulozny-prostor-ktery-se-hodi\/#Article","mainEntityOfPage":"https:\/\/www.yrtep.cz\/ulozny-prostor-ktery-se-hodi\/","headline":"\u00dalo\u017en\u00fd prostor, kter\u00fd se hod\u00ed","name":"\u00dalo\u017en\u00fd prostor, kter\u00fd se hod\u00ed","description":"Kdy\u017e bydl\u00edte v byt\u011b a narod\u00ed se v\u00e1m d\u00edt\u011b, hled\u00e1te ka\u017ed\u00e9 m\u00edsto, kam byste schovali v\u011bci a dob\u0159e je ulo\u017eili, aby na n\u011b nemohlo, nebo nebylo v jeho dosahu. Byty nejsou p\u0159\u00edli\u0161 prostorn\u00e9, a na uskladn\u011bn\u00ed v\u011bci maj\u00ed m\u00e1lo m\u00edsta. Kdy\u017e p\u0159ijde miminko, mus\u00edte se p\u0159izp\u016fsobit a n\u011bkter\u00e9 v\u011bci odlo\u017eit a jin\u00e9 naopak zase don\u00e9st.","datePublished":"2024-06-25","dateModified":"2024-06-25","author":{"@type":"Person","@id":"https:\/\/www.yrtep.cz\/author\/#Person","name":"","url":"https:\/\/www.yrtep.cz\/author\/","identifier":1,"image":{"@type":"ImageObject","@id":"https:\/\/secure.gravatar.com\/avatar\/212a6ea425a80cff3df937dbbc230f07127cee4fead311d1e3d946308365d666?s=96&d=mm&r=g","url":"https:\/\/secure.gravatar.com\/avatar\/212a6ea425a80cff3df937dbbc230f07127cee4fead311d1e3d946308365d666?s=96&d=mm&r=g","height":96,"width":96}},"publisher":{"@type":"Organization","name":"yrtep.cz","logo":{"@type":"ImageObject","@id":"\/logo.png","url":"\/logo.png","width":600,"height":60}},"image":{"@type":"ImageObject","@id":"https:\/\/www.yrtep.cz\/wp-content\/uploads\/pexels-heyho-8142056.jpg","url":"https:\/\/www.yrtep.cz\/wp-content\/uploads\/pexels-heyho-8142056.jpg","height":0,"width":0},"url":"https:\/\/www.yrtep.cz\/ulozny-prostor-ktery-se-hodi\/","about":["N\u00e1kupy"],"wordCount":485,"articleBody":"   Kdy\u017e bydl\u00edte v byt\u011b a narod\u00ed se v\u00e1m d\u00edt\u011b, hled\u00e1te ka\u017ed\u00e9 m\u00edsto, kam byste schovali v\u011bci a dob\u0159e je ulo\u017eili, aby na n\u011b nemohlo, nebo nebylo v jeho dosahu. Byty nejsou p\u0159\u00edli\u0161 prostorn\u00e9, a na uskladn\u011bn\u00ed v\u011bci maj\u00ed m\u00e1lo m\u00edsta. Kdy\u017e p\u0159ijde miminko, mus\u00edte se p\u0159izp\u016fsobit a n\u011bkter\u00e9 v\u011bci odlo\u017eit a jin\u00e9 naopak zase don\u00e9st. Neobejdete se bez post\u00fdlky, koup\u00e1tka, j\u00eddeln\u00ed \u017eidli\u010dky a dal\u0161\u00edch v\u011bc\u00ed. Mus\u00ed m\u00edt n\u011bkde sv\u016fj koutek na hran\u00ed, a m\u00edsto, kde to pro n\u011bj bude bezpe\u010dn\u00e9. K tomu je skv\u011bl\u00ed d\u011btsk\u00fd pokoj, jestli ov\u0161em m\u00e1te dostate\u010dn\u00fd po\u010det m\u00edstnost\u00ed. Jestli ne hod\u00ed se v\u00e1m prostor v ob\u00fdvac\u00edm pokoji na hran\u00ed. Nen\u00ed to jednoduch\u00e9 s bydlen\u00edm, spousta mlad\u00fdch si hled\u00e1 vlastn\u00ed bydlen\u00ed ke koupi, ale ne v\u017edy se jim poda\u0159\u00ed sehnat to, co by cht\u011bli. Proto je bydlen\u00ed v byt\u011b taky mo\u017enost\u00ed a nen\u00ed to \u0161patn\u00e9, jen si to mus\u00edte uspo\u0159\u00e1dat tak a dotvo\u0159it k obrazu sv\u00e9mu, abyste se tam c\u00edtili dob\u0159e a ne jak sardinky v konzerv\u011b. Nap\u0159\u00edklad si m\u016f\u017eete nechat do chodby ud\u011blat vestav\u011bn\u00e9 sk\u0159\u00edn\u011b, kter\u00e9 v\u00e1m nebudou zavazet, ale p\u0159itom v\u00e1m vytvo\u0159\u00ed prostor na r\u016fzn\u00e9 v\u011bci. Mluv\u00edme te\u010f o prostoru u stropu, kter\u00fd je ve v\u011bt\u0161in\u011b dom\u00e1cnost\u00ed, nevyu\u017e\u00edvan\u00fd. Ano je to m\u00edsto, u kter\u00e9ho budete pot\u0159ebovat \u017eidli nebo \u017eeb\u0159\u00edk, kdy\u017e do n\u011bj p\u016fjdete, ale to nen\u00ed nic stra\u0161n\u00e9ho. M\u016f\u017eete do n\u011bj d\u00e1t v\u011bci, kter\u00e9 se berou ob\u010das a na jin\u00e9 m\u00edsto, l\u00e9pe dostupn\u00e9 d\u00e1t v\u011bci, kter\u00e9 pot\u0159ebujete \u010dast\u011bji. Vznikne v\u00e1m m\u00edsto, kter\u00e9 m\u016f\u017eete vyu\u017e\u00edt. Je to, jen o zvyku. Prostor se v\u00e1m trochu zmen\u0161\u00ed, ale z\u00edsk\u00e1te m\u00edsto, kter\u00e9 se v\u00e1m bude hodit. Takov\u00e9 vestav\u011bn\u00e9 sk\u0159\u00edn\u011b, kter\u00e9 jsou navrtan\u00e9 do zdi a tak zaji\u0161t\u011bn\u00e9 proti p\u00e1du, budou skv\u011bl\u00e9 a m\u016f\u017eete je m\u00edt pod\u00e9l cel\u00e9 chodby v byt\u011b. Nemus\u00edte se b\u00e1t, hlavou do nich nar\u00e1\u017eet nebudete, budou v\u00fd\u0161 ne\u017e va\u0161e mali\u010dkost. Mo\u017en\u00e1 se v\u00e1m to te\u010f zd\u00e1 jako stra\u0161n\u00fd n\u00e1pad si nechat ud\u011blat sk\u0159\u00edn\u011b na kter\u00e9 ze zemn\u011b nedos\u00e1hnete, ale ve fin\u00e1le, kdy\u017e se nad t\u00edm l\u00e9pe zamysl\u00edte to bude skv\u011bl\u00e9. Nebudou v\u00e1m zavazet p\u0159i ukl\u00edzen\u00ed a budete m\u00edt prostor na schov\u00e1n\u00ed pot\u0159eb, jako jsou n\u00e1hradn\u00ed pl\u00edny, vlh\u010den\u00e9 ubrousky, brynd\u00e1ky, v\u011bt\u0161\u00ed oble\u010den\u00ed a dal\u0161\u00ed v\u011bci.                                                                                                                                                                                                                                                                                                                                                                                                   "},{"@context":"https:\/\/schema.org\/","@type":"BreadcrumbList","itemListElement":[{"@type":"ListItem","position":1,"name":"\u00dalo\u017en\u00fd prostor, kter\u00fd se hod\u00ed","item":"https:\/\/www.yrtep.cz\/ulozny-prostor-ktery-se-hodi\/#breadcrumbitem"}]}]