[{"@context":"https:\/\/schema.org\/","@type":"Article","@id":"https:\/\/www.yrtep.cz\/uklid-ktery-potrebujete\/#Article","mainEntityOfPage":"https:\/\/www.yrtep.cz\/uklid-ktery-potrebujete\/","headline":"\u00daklid, kter\u00fd pot\u0159ebujete.","name":"\u00daklid, kter\u00fd pot\u0159ebujete.","description":"Pot\u0159ebujete pomoc s \u00faklidem a bydl\u00edte v okol\u00ed Ostravy nebo p\u0159\u00edmo v Ostrav\u011b? Nen\u00ed to \u017e\u00e1dn\u00fd probl\u00e9m, nemus\u00edte se obracet na rodinu a kamar\u00e1dy, aby v\u00e1m s \u00faklidem pomohli, sta\u010d\u00ed se obr\u00e1tit na \u00faklid Ostrava, kter\u00e1 v\u00e1m r\u00e1da pom\u016f\u017ee. Jsou flexibiln\u00ed a r\u00e1di se p\u0159izp\u016fsob\u00ed a domluv\u00ed na va\u0161ich pot\u0159eb\u00e1ch a podm\u00ednk\u00e1ch. M\u016f\u017eete je vyu\u017e\u00edt","datePublished":"2024-07-08","dateModified":"2024-07-08","author":{"@type":"Person","@id":"https:\/\/www.yrtep.cz\/author\/#Person","name":"","url":"https:\/\/www.yrtep.cz\/author\/","identifier":1,"image":{"@type":"ImageObject","@id":"https:\/\/secure.gravatar.com\/avatar\/212a6ea425a80cff3df937dbbc230f07127cee4fead311d1e3d946308365d666?s=96&d=mm&r=g","url":"https:\/\/secure.gravatar.com\/avatar\/212a6ea425a80cff3df937dbbc230f07127cee4fead311d1e3d946308365d666?s=96&d=mm&r=g","height":96,"width":96}},"publisher":{"@type":"Organization","name":"yrtep.cz","logo":{"@type":"ImageObject","@id":"\/logo.png","url":"\/logo.png","width":600,"height":60}},"image":{"@type":"ImageObject","@id":"https:\/\/www.yrtep.cz\/wp-content\/uploads\/mop-2736400_640_7.jpg","url":"https:\/\/www.yrtep.cz\/wp-content\/uploads\/mop-2736400_640_7.jpg","height":0,"width":0},"url":"https:\/\/www.yrtep.cz\/uklid-ktery-potrebujete\/","about":["Spole\u010dnosti"],"wordCount":457,"articleBody":"   Pot\u0159ebujete pomoc s \u00faklidem a bydl\u00edte v okol\u00ed Ostravy nebo p\u0159\u00edmo v Ostrav\u011b? Nen\u00ed to \u017e\u00e1dn\u00fd probl\u00e9m, nemus\u00edte se obracet na rodinu a kamar\u00e1dy, aby v\u00e1m s \u00faklidem pomohli, sta\u010d\u00ed se obr\u00e1tit na \u00faklid Ostrava, kter\u00e1 v\u00e1m r\u00e1da pom\u016f\u017ee. Jsou flexibiln\u00ed a r\u00e1di se p\u0159izp\u016fsob\u00ed a domluv\u00ed na va\u0161ich pot\u0159eb\u00e1ch a podm\u00ednk\u00e1ch. M\u016f\u017eete je vyu\u017e\u00edt v r\u016fzn\u00fdch situac\u00edch, jako je nov\u011b postaven\u00fd d\u016fm, kter\u00fd je\u0161t\u011b p\u0159ed nast\u011bhov\u00e1n\u00edm pot\u0159ebuje po\u0159\u00e1dn\u011b uklidit, abyste se st\u011bhovali v\u00e1\u017en\u011b do \u010dist\u00e9ho. V\u017edy po \u0159emeslnic\u00edch zbyde n\u011bjak\u00fd ten nepo\u0159\u00e1dek jemn\u00fd a drobn\u00fd prach a ne\u010distoty a do toho nechcete d\u00e1t sv\u00e9 v\u011bci. Rad\u011bji uklid\u00edte, a kdy\u017e se jedn\u00e1 o velk\u00fd rodinn\u00fd d\u016fm, je dobr\u00e9 si nechat pomoci, abyste u toho nestr\u00e1vili t\u0159eba t\u00fdden, co\u017e u d\u016fkladn\u00e9ho \u00faklidu v jedn\u00e9 osob\u011b m\u016f\u017ee b\u00fdt. Nen\u00ed to lehk\u00e1 pr\u00e1ce a chcete to m\u00edt v\u00e1\u017en\u011b kvalitn\u011b uklizen\u00e9. Dal\u0161\u00ed volbou m\u016f\u017ee b\u00fdt b\u011b\u017en\u00fd \u00faklid p\u0159ed sv\u00e1tky nebo p\u0159ed rodinou oslavou. Nechcete, aby v\u00e1s n\u00e1v\u0161t\u011bva pohanila nebo pak po vesnici rozhla\u0161ovala, \u017ee nejste p\u0159\u00edli\u0161 \u010distotn\u00ed. To se nehod\u00ed, a kdy\u017e na to nem\u00e1te samy \u010das je dob\u00e9 si nechat pomoci a nechat \u00faklid na lidech, kte\u0159\u00ed se ukl\u00edzen\u00edm \u017eiv\u00ed. Pro n\u011b je to pr\u00e1ce a vy budete moci d\u011blat n\u011bco jin\u00e9ho. Takov\u00fd \u00faklid p\u0159ed v\u00e1no\u010dn\u00edmi sv\u00e1tky je na m\u00edst\u011b, chcete m\u00edt v\u0161echno dokonal\u00e9, ale v pr\u00e1ci m\u00e1te honi\u010dku a na po\u0159\u00e1dek doma, u\u017e v\u00e1m nezb\u00fdv\u00e1 \u010das. Tak pro\u010d nevyu\u017e\u00edt \u00faklidovou firmu.T\u0159et\u00ed volbou, m\u016f\u017ee b\u00fdt \u00faklid po rekonstrukci. Jedn\u00e1 se nap\u0159\u00edklad, o p\u0159ed\u011bl\u00e1n\u00ed \u010d\u00e1sti domu nebo bytu, kter\u00e1 bude pro v\u00e1s nov\u00e1. Ov\u0161em, d\u011bln\u00edci nad\u011blali p\u0159i \u0159ez\u00e1n\u00ed kachli\u010dek a p\u0159\u00ed\u010dek velk\u00fd nepo\u0159\u00e1dek a v\u0161ude te\u010f doma m\u00e1te jemn\u00fd prach, kter\u00e9ho se jen tak nezbav\u00edte, chce to vys\u00e1t velmi d\u016fkladn\u011b a to i se st\u011bnami. Prach je toti\u017e \u00fapln\u011b v\u0161ude, a kdy\u017e se ho hned v z\u00e1rodku nezbav\u00edte, bude se v\u00e1m st\u00e1le n\u011bkde usazovat a objevovat na zemi. Rekonstrukce jsou skv\u011bl\u00e9, ale ten nepo\u0159\u00e1dek po nich, u\u017e tak \u00fa\u017easn\u00fd nen\u00ed. Proto je dobr\u00e9 si na \u00faklid pozvat lidi, kte\u0159\u00ed maj\u00ed techniku a d\u016fkladn\u011b v\u00e1m d\u016fm uklid\u00ed.                                                                                                                                                                                                                                                                                                                                                                                                   "},{"@context":"https:\/\/schema.org\/","@type":"BreadcrumbList","itemListElement":[{"@type":"ListItem","position":1,"name":"\u00daklid, kter\u00fd pot\u0159ebujete.","item":"https:\/\/www.yrtep.cz\/uklid-ktery-potrebujete\/#breadcrumbitem"}]}]