[{"@context":"https:\/\/schema.org\/","@type":"Article","@id":"https:\/\/www.yrtep.cz\/pocit-bezpeci\/#Article","mainEntityOfPage":"https:\/\/www.yrtep.cz\/pocit-bezpeci\/","headline":"Pocit bezpe\u010d\u00ed","name":"Pocit bezpe\u010d\u00ed","description":"Tak\u00e9 se v\u00e1m n\u011bkdy stalo, \u017ee jste si v\u0161imli, \u017ee v\u00e1m ze zahrady miz\u00ed v n\u011bjak\u00e9 v\u011bci anebo t\u0159eba \u017ee v\u00e1m n\u011bkdo rozbil k\u016flnu? Nebo \u017ee v\u00e1m t\u0159eba n\u011bkdo z k\u016flny anebo z n\u011bjak\u00e9 chaty rozbil z\u00e1mek a potom se tam samoz\u0159ejm\u011b dostal zlod\u011bj! A to si tam mohl d\u011blat co chce. Tedy ne, \u017ee","datePublished":"2024-06-18","dateModified":"2024-06-18","author":{"@type":"Person","@id":"https:\/\/www.yrtep.cz\/author\/#Person","name":"","url":"https:\/\/www.yrtep.cz\/author\/","identifier":1,"image":{"@type":"ImageObject","@id":"https:\/\/secure.gravatar.com\/avatar\/212a6ea425a80cff3df937dbbc230f07127cee4fead311d1e3d946308365d666?s=96&d=mm&r=g","url":"https:\/\/secure.gravatar.com\/avatar\/212a6ea425a80cff3df937dbbc230f07127cee4fead311d1e3d946308365d666?s=96&d=mm&r=g","height":96,"width":96}},"publisher":{"@type":"Organization","name":"yrtep.cz","logo":{"@type":"ImageObject","@id":"\/logo.png","url":"\/logo.png","width":600,"height":60}},"image":{"@type":"ImageObject","@id":"https:\/\/www.yrtep.cz\/wp-content\/uploads\/broadcast-2931039_1280.jpg","url":"https:\/\/www.yrtep.cz\/wp-content\/uploads\/broadcast-2931039_1280.jpg","height":0,"width":0},"url":"https:\/\/www.yrtep.cz\/pocit-bezpeci\/","about":["Spole\u010dnosti"],"wordCount":413,"articleBody":"   Tak\u00e9 se v\u00e1m n\u011bkdy stalo, \u017ee jste si v\u0161imli, \u017ee v\u00e1m ze zahrady miz\u00ed v n\u011bjak\u00e9 v\u011bci anebo t\u0159eba \u017ee v\u00e1m n\u011bkdo rozbil k\u016flnu? Nebo \u017ee v\u00e1m t\u0159eba n\u011bkdo z k\u016flny anebo z n\u011bjak\u00e9 chaty rozbil z\u00e1mek a potom se tam samoz\u0159ejm\u011b dostal zlod\u011bj! A to si tam mohl d\u011blat co chce. Tedy ne, \u017ee by si tam ze z\u00e1kona mohl d\u011blat co chce. Ale jednozna\u010dn\u011b, kdy\u017e tam byl s\u00e1m a byla tma a nikde nikdo nebyl, tak samoz\u0159ejm\u011b, \u017ee n\u011bjak\u00fd zlod\u011bj\u00ed\u010dek toho vyu\u017eije. A potom v\u00e1m ukradne kde co. Proto je nejlep\u0161\u00ed, kdy\u017e si t\u0159eba nech\u00e1te n\u011bjak\u00e9 objekty zabezpe\u010dit. Pokud bydl\u00edte v Brn\u011b, tak se pod\u00edvejte na webov\u00e9 str\u00e1nky zabezpecenimohlis.cz. Zabezpe\u010dovac\u00ed syst\u00e9my z Brna jsou v posledn\u00ed dob\u011b opravdu hodn\u011b vyu\u017e\u00edvan\u00e9 a tak\u00e9 je to modern\u00ed. Nen\u00ed to \u017e\u00e1dn\u00fd p\u0159epych, proto\u017ee kdy\u017e jsem \u0159\u00edkala sv\u00fdm rodi\u010d\u016fm, \u017ee tak\u00e9 si chci d\u00e1t k n\u00e1m dom\u016f a na zahradu n\u011bjak\u00e9 zabezpe\u010dovac\u00ed syst\u00e9my z Brna, tak jenom kroutili hlavou a \u0159ekli, \u017ee nem\u00e1m doma nic tak vz\u00e1cn\u00e9ho, kde bych m\u011bla m\u00edt kamery. Jenom\u017ee j\u00e1 jsem \u0159ekla, \u017ee se boj\u00edm. Vzpom\u00edn\u00e1m si, \u017ee kdy\u017e jsem byla je\u0161t\u011b d\u00edt\u011b, tak n\u00e1m vykradli gar\u00e1\u017e. Dodnes se v\u016fbec nezjistilo, kdo to byl. U\u017e je to sice sedmn\u00e1ct let, ale st\u00e1le na to mysl\u00edm a \u0159ekla jsem si, \u017ee abych alespo\u0148 omezila anebo upozornila, tak\u017ee bych si dala tak\u00e9 upozorn\u011bn\u00ed, \u017ee tady m\u00e1m zabezpe\u010dovac\u00ed syst\u00e9m, t\u0159eba to n\u011bkoho odrad\u00ed. A kdyby to nikoho neodradilo, tak bude nato\u010den\u00fd na zabezpe\u010dovac\u00edm syst\u00e9mu. Jednozna\u010dn\u011b bude na kame\u0159e a tohle u\u017e nikdo nesma\u017ee. Zabezpe\u010dovac\u00ed syst\u00e9my z Brna jsou vysok\u00e9 kvality, jsou tam profesion\u00e1lov\u00e9, kte\u0159\u00ed v\u00e1m v\u017edycky v\u0161echno opravdu kr\u00e1sn\u011b namontuj\u00ed a nainstaluj\u00ed. A vy tak budete m\u00edt klid a velik\u00fd pocit bezpe\u010d\u00ed. \u0158ekn\u011bte mi, nen\u00ed opravdu perfektn\u00ed pocit, kdy\u017e se c\u00edt\u00edte v bezpe\u010d\u00ed? Kdybyste v\u0161ude doma m\u011bli zvenku z exteri\u00e9ru kamery? Podle m\u00e9ho n\u00e1zoru ano. Mnoho lid\u00ed pr\u00e1v\u011b u\u017e tak\u00e9 uva\u017euje, \u017ee si nechaj\u00ed d\u00e1t kamery.                                                                                                                                                                                                                                                                                                                                                                                                   "},{"@context":"https:\/\/schema.org\/","@type":"BreadcrumbList","itemListElement":[{"@type":"ListItem","position":1,"name":"Pocit bezpe\u010d\u00ed","item":"https:\/\/www.yrtep.cz\/pocit-bezpeci\/#breadcrumbitem"}]}]