[{"@context":"https:\/\/schema.org\/","@type":"Blog","@id":"https:\/\/www.yrtep.cz#Blog","headline":"Yrtep","description":"\nNen\u00ed na sv\u011bt\u011b \u010dlov\u011bka, kter\u00fd by si dok\u00e1zal v\u017edy s\u00e1m poradit se v\u0161emi sv\u00fdmi obt\u00ed\u017eemi. A mnoha lidem tak p\u0159ich\u00e1z\u00ed vhod pomoc ze strany tohoto webu.","url":"https:\/\/www.yrtep.cz","hasPart":[{"@type":"Article","@id":"https:\/\/www.yrtep.cz\/pes-ktery-vas-chyti-za-srdce\/","headline":"Pes, kter\u00fd v\u00e1s chyt\u00ed za srdce","url":"https:\/\/www.yrtep.cz\/pes-ktery-vas-chyti-za-srdce\/","datePublished":"2024-08-11","dateModified":"2024-08-11","mainEntityOfPage":"https:\/\/www.yrtep.cz\/pes-ktery-vas-chyti-za-srdce\/","author":{"@type":"Person","@id":"https:\/\/www.yrtep.cz\/author\/#Person","name":"","url":"https:\/\/www.yrtep.cz\/author\/","identifier":1,"image":{"@type":"ImageObject","@id":"https:\/\/secure.gravatar.com\/avatar\/212a6ea425a80cff3df937dbbc230f07127cee4fead311d1e3d946308365d666?s=96&d=mm&r=g","url":"https:\/\/secure.gravatar.com\/avatar\/212a6ea425a80cff3df937dbbc230f07127cee4fead311d1e3d946308365d666?s=96&d=mm&r=g","height":96,"width":96}},"publisher":{"@type":"Organization","name":"yrtep.cz","logo":{"@type":"ImageObject","@id":"\/logo.png","url":"\/logo.png","width":600,"height":60}},"image":{"@type":"ImageObject","@id":"https:\/\/www.yrtep.cz\/wp-content\/uploads\/dog-1744448_640_10_10_2.jpg","url":"https:\/\/www.yrtep.cz\/wp-content\/uploads\/dog-1744448_640_10_10_2.jpg","height":0,"width":0},"wordCount":537,"keywords":null},{"@type":"Article","@id":"https:\/\/www.yrtep.cz\/pece-o-zuby-je-dulezita\/","headline":"P\u00e9\u010de o zuby je d\u016fle\u017eit\u00e1","url":"https:\/\/www.yrtep.cz\/pece-o-zuby-je-dulezita\/","datePublished":"2024-08-09","dateModified":"2024-08-09","mainEntityOfPage":"https:\/\/www.yrtep.cz\/pece-o-zuby-je-dulezita\/","author":{"@type":"Person","@id":"https:\/\/www.yrtep.cz\/author\/#Person","name":"","url":"https:\/\/www.yrtep.cz\/author\/","identifier":1,"image":{"@type":"ImageObject","@id":"https:\/\/secure.gravatar.com\/avatar\/212a6ea425a80cff3df937dbbc230f07127cee4fead311d1e3d946308365d666?s=96&d=mm&r=g","url":"https:\/\/secure.gravatar.com\/avatar\/212a6ea425a80cff3df937dbbc230f07127cee4fead311d1e3d946308365d666?s=96&d=mm&r=g","height":96,"width":96}},"publisher":{"@type":"Organization","name":"yrtep.cz","logo":{"@type":"ImageObject","@id":"\/logo.png","url":"\/logo.png","width":600,"height":60}},"image":{"@type":"ImageObject","@id":"https:\/\/www.yrtep.cz\/wp-content\/uploads\/dentist-3528684_640_10_10.jpg","url":"https:\/\/www.yrtep.cz\/wp-content\/uploads\/dentist-3528684_640_10_10.jpg","height":0,"width":0},"wordCount":540,"keywords":null},{"@type":"Article","@id":"https:\/\/www.yrtep.cz\/usporadejte-pro-vasi-novou-pritelkyni-zahradni-piknik-u-bazenu\/","headline":"Uspo\u0159\u00e1dejte pro va\u0161i novou p\u0159\u00edtelkyni zahradn\u00ed piknik u baz\u00e9nu","url":"https:\/\/www.yrtep.cz\/usporadejte-pro-vasi-novou-pritelkyni-zahradni-piknik-u-bazenu\/","datePublished":"2024-08-09","dateModified":"2024-08-09","mainEntityOfPage":"https:\/\/www.yrtep.cz\/usporadejte-pro-vasi-novou-pritelkyni-zahradni-piknik-u-bazenu\/","author":{"@type":"Person","@id":"https:\/\/www.yrtep.cz\/author\/#Person","name":"","url":"https:\/\/www.yrtep.cz\/author\/","identifier":1,"image":{"@type":"ImageObject","@id":"https:\/\/secure.gravatar.com\/avatar\/212a6ea425a80cff3df937dbbc230f07127cee4fead311d1e3d946308365d666?s=96&d=mm&r=g","url":"https:\/\/secure.gravatar.com\/avatar\/212a6ea425a80cff3df937dbbc230f07127cee4fead311d1e3d946308365d666?s=96&d=mm&r=g","height":96,"width":96}},"publisher":{"@type":"Organization","name":"yrtep.cz","logo":{"@type":"ImageObject","@id":"\/logo.png","url":"\/logo.png","width":600,"height":60}},"image":{"@type":"ImageObject","@id":"https:\/\/www.yrtep.cz\/wp-content\/uploads\/water-1018808_640_10_10_10_9.jpg","url":"https:\/\/www.yrtep.cz\/wp-content\/uploads\/water-1018808_640_10_10_10_9.jpg","height":0,"width":0},"wordCount":650,"keywords":null},{"@type":"Article","@id":"https:\/\/www.yrtep.cz\/bydleni-v-chorvatsku-vas-vice-priblizi-k-sobe-sama\/","headline":"Bydlen\u00ed v Chorvatsku v\u00e1s v\u00edce p\u0159ibl\u00ed\u017e\u00ed k sob\u011b sama","url":"https:\/\/www.yrtep.cz\/bydleni-v-chorvatsku-vas-vice-priblizi-k-sobe-sama\/","datePublished":"2024-08-05","dateModified":"2024-08-05","mainEntityOfPage":"https:\/\/www.yrtep.cz\/bydleni-v-chorvatsku-vas-vice-priblizi-k-sobe-sama\/","author":{"@type":"Person","@id":"https:\/\/www.yrtep.cz\/author\/#Person","name":"","url":"https:\/\/www.yrtep.cz\/author\/","identifier":1,"image":{"@type":"ImageObject","@id":"https:\/\/secure.gravatar.com\/avatar\/212a6ea425a80cff3df937dbbc230f07127cee4fead311d1e3d946308365d666?s=96&d=mm&r=g","url":"https:\/\/secure.gravatar.com\/avatar\/212a6ea425a80cff3df937dbbc230f07127cee4fead311d1e3d946308365d666?s=96&d=mm&r=g","height":96,"width":96}},"publisher":{"@type":"Organization","name":"yrtep.cz","logo":{"@type":"ImageObject","@id":"\/logo.png","url":"\/logo.png","width":600,"height":60}},"image":{"@type":"ImageObject","@id":"https:\/\/www.yrtep.cz\/wp-content\/uploads\/croatia-3605569_640_1.jpg","url":"https:\/\/www.yrtep.cz\/wp-content\/uploads\/croatia-3605569_640_1.jpg","height":0,"width":0},"wordCount":639,"keywords":null},{"@type":"Article","@id":"https:\/\/www.yrtep.cz\/zahrada-jako-sad\/","headline":"Zahrada jako sad","url":"https:\/\/www.yrtep.cz\/zahrada-jako-sad\/","datePublished":"2024-07-29","dateModified":"2024-07-29","mainEntityOfPage":"https:\/\/www.yrtep.cz\/zahrada-jako-sad\/","author":{"@type":"Person","@id":"https:\/\/www.yrtep.cz\/author\/#Person","name":"","url":"https:\/\/www.yrtep.cz\/author\/","identifier":1,"image":{"@type":"ImageObject","@id":"https:\/\/secure.gravatar.com\/avatar\/212a6ea425a80cff3df937dbbc230f07127cee4fead311d1e3d946308365d666?s=96&d=mm&r=g","url":"https:\/\/secure.gravatar.com\/avatar\/212a6ea425a80cff3df937dbbc230f07127cee4fead311d1e3d946308365d666?s=96&d=mm&r=g","height":96,"width":96}},"publisher":{"@type":"Organization","name":"yrtep.cz","logo":{"@type":"ImageObject","@id":"\/logo.png","url":"\/logo.png","width":600,"height":60}},"image":{"@type":"ImageObject","@id":"https:\/\/www.yrtep.cz\/wp-content\/uploads\/autumn-3813775_640.jpg","url":"https:\/\/www.yrtep.cz\/wp-content\/uploads\/autumn-3813775_640.jpg","height":0,"width":0},"wordCount":600,"keywords":null},{"@type":"Article","@id":"https:\/\/www.yrtep.cz\/kde-potesit-deti-kouzelnickym-vystoupenim\/","headline":"Kde pot\u011b\u0161it d\u011bti kouzelnick\u00fdm vystoupen\u00edm","url":"https:\/\/www.yrtep.cz\/kde-potesit-deti-kouzelnickym-vystoupenim\/","datePublished":"2024-07-27","dateModified":"2024-07-27","mainEntityOfPage":"https:\/\/www.yrtep.cz\/kde-potesit-deti-kouzelnickym-vystoupenim\/","author":{"@type":"Person","@id":"https:\/\/www.yrtep.cz\/author\/#Person","name":"","url":"https:\/\/www.yrtep.cz\/author\/","identifier":1,"image":{"@type":"ImageObject","@id":"https:\/\/secure.gravatar.com\/avatar\/212a6ea425a80cff3df937dbbc230f07127cee4fead311d1e3d946308365d666?s=96&d=mm&r=g","url":"https:\/\/secure.gravatar.com\/avatar\/212a6ea425a80cff3df937dbbc230f07127cee4fead311d1e3d946308365d666?s=96&d=mm&r=g","height":96,"width":96}},"publisher":{"@type":"Organization","name":"yrtep.cz","logo":{"@type":"ImageObject","@id":"\/logo.png","url":"\/logo.png","width":600,"height":60}},"image":{"@type":"ImageObject","@id":"https:\/\/www.yrtep.cz\/wp-content\/uploads\/card-3528638_640_10_10_4.jpg","url":"https:\/\/www.yrtep.cz\/wp-content\/uploads\/card-3528638_640_10_10_4.jpg","height":0,"width":0},"wordCount":536,"keywords":null},{"@type":"Article","@id":"https:\/\/www.yrtep.cz\/kde-postavit-drevostavbu\/","headline":"Kde postavit d\u0159evostavbu","url":"https:\/\/www.yrtep.cz\/kde-postavit-drevostavbu\/","datePublished":"2024-07-27","dateModified":"2024-07-27","mainEntityOfPage":"https:\/\/www.yrtep.cz\/kde-postavit-drevostavbu\/","author":{"@type":"Person","@id":"https:\/\/www.yrtep.cz\/author\/#Person","name":"","url":"https:\/\/www.yrtep.cz\/author\/","identifier":1,"image":{"@type":"ImageObject","@id":"https:\/\/secure.gravatar.com\/avatar\/212a6ea425a80cff3df937dbbc230f07127cee4fead311d1e3d946308365d666?s=96&d=mm&r=g","url":"https:\/\/secure.gravatar.com\/avatar\/212a6ea425a80cff3df937dbbc230f07127cee4fead311d1e3d946308365d666?s=96&d=mm&r=g","height":96,"width":96}},"publisher":{"@type":"Organization","name":"yrtep.cz","logo":{"@type":"ImageObject","@id":"\/logo.png","url":"\/logo.png","width":600,"height":60}},"image":{"@type":"ImageObject","@id":"https:\/\/www.yrtep.cz\/wp-content\/uploads\/new-home-1664302_640_2.jpg","url":"https:\/\/www.yrtep.cz\/wp-content\/uploads\/new-home-1664302_640_2.jpg","height":0,"width":0},"wordCount":596,"keywords":null},{"@type":"Article","@id":"https:\/\/www.yrtep.cz\/vytahnete-svou-pritelkyni-v-praze-na-koncert-vazne-hudby\/","headline":"Vyt\u00e1hn\u011bte svou p\u0159\u00edtelkyni v Praze na koncert v\u00e1\u017en\u00e9 hudby","url":"https:\/\/www.yrtep.cz\/vytahnete-svou-pritelkyni-v-praze-na-koncert-vazne-hudby\/","datePublished":"2024-07-27","dateModified":"2024-07-27","mainEntityOfPage":"https:\/\/www.yrtep.cz\/vytahnete-svou-pritelkyni-v-praze-na-koncert-vazne-hudby\/","author":{"@type":"Person","@id":"https:\/\/www.yrtep.cz\/author\/#Person","name":"","url":"https:\/\/www.yrtep.cz\/author\/","identifier":1,"image":{"@type":"ImageObject","@id":"https:\/\/secure.gravatar.com\/avatar\/212a6ea425a80cff3df937dbbc230f07127cee4fead311d1e3d946308365d666?s=96&d=mm&r=g","url":"https:\/\/secure.gravatar.com\/avatar\/212a6ea425a80cff3df937dbbc230f07127cee4fead311d1e3d946308365d666?s=96&d=mm&r=g","height":96,"width":96}},"publisher":{"@type":"Organization","name":"yrtep.cz","logo":{"@type":"ImageObject","@id":"\/logo.png","url":"\/logo.png","width":600,"height":60}},"image":{"@type":"ImageObject","@id":"https:\/\/www.yrtep.cz\/wp-content\/uploads\/cello-663563_640.jpg","url":"https:\/\/www.yrtep.cz\/wp-content\/uploads\/cello-663563_640.jpg","height":0,"width":0},"wordCount":631,"keywords":null},{"@type":"Article","@id":"https:\/\/www.yrtep.cz\/doma-nebo-sam\/","headline":"Doma nebo s\u00e1m?","url":"https:\/\/www.yrtep.cz\/doma-nebo-sam\/","datePublished":"2024-07-12","dateModified":"2024-07-12","mainEntityOfPage":"https:\/\/www.yrtep.cz\/doma-nebo-sam\/","author":{"@type":"Person","@id":"https:\/\/www.yrtep.cz\/author\/#Person","name":"","url":"https:\/\/www.yrtep.cz\/author\/","identifier":1,"image":{"@type":"ImageObject","@id":"https:\/\/secure.gravatar.com\/avatar\/212a6ea425a80cff3df937dbbc230f07127cee4fead311d1e3d946308365d666?s=96&d=mm&r=g","url":"https:\/\/secure.gravatar.com\/avatar\/212a6ea425a80cff3df937dbbc230f07127cee4fead311d1e3d946308365d666?s=96&d=mm&r=g","height":96,"width":96}},"publisher":{"@type":"Organization","name":"yrtep.cz","logo":{"@type":"ImageObject","@id":"\/logo.png","url":"\/logo.png","width":600,"height":60}},"image":{"@type":"ImageObject","@id":"https:\/\/www.yrtep.cz\/wp-content\/uploads\/pexels-heyho-5997996.jpg","url":"https:\/\/www.yrtep.cz\/wp-content\/uploads\/pexels-heyho-5997996.jpg","height":0,"width":0},"wordCount":610,"keywords":null},{"@type":"Article","@id":"https:\/\/www.yrtep.cz\/darek-i-dekorace\/","headline":"D\u00e1rek i dekorace","url":"https:\/\/www.yrtep.cz\/darek-i-dekorace\/","datePublished":"2024-07-12","dateModified":"2024-07-12","mainEntityOfPage":"https:\/\/www.yrtep.cz\/darek-i-dekorace\/","author":{"@type":"Person","@id":"https:\/\/www.yrtep.cz\/author\/#Person","name":"","url":"https:\/\/www.yrtep.cz\/author\/","identifier":1,"image":{"@type":"ImageObject","@id":"https:\/\/secure.gravatar.com\/avatar\/212a6ea425a80cff3df937dbbc230f07127cee4fead311d1e3d946308365d666?s=96&d=mm&r=g","url":"https:\/\/secure.gravatar.com\/avatar\/212a6ea425a80cff3df937dbbc230f07127cee4fead311d1e3d946308365d666?s=96&d=mm&r=g","height":96,"width":96}},"publisher":{"@type":"Organization","name":"yrtep.cz","logo":{"@type":"ImageObject","@id":"\/logo.png","url":"\/logo.png","width":600,"height":60}},"image":{"@type":"ImageObject","@id":"https:\/\/www.yrtep.cz\/wp-content\/uploads\/flower-3684355_640_4.jpg","url":"https:\/\/www.yrtep.cz\/wp-content\/uploads\/flower-3684355_640_4.jpg","height":0,"width":0},"wordCount":574,"keywords":null}]},{"@context":"https:\/\/schema.org","@type":"WebSite","@id":"https:\/\/www.yrtep.cz\/#website","name":"Yrtep","url":"https:\/\/www.yrtep.cz","potentialAction":{"@type":"SearchAction","target":"https:\/\/www.yrtep.cz\/?s={search_term_string}","query-input":"required name=search_term_string"}}]