[{"@context":"https:\/\/schema.org\/","@type":"Blog","@id":"https:\/\/www.yrtep.cz#Blog","headline":"Yrtep","description":"\nNen\u00ed na sv\u011bt\u011b \u010dlov\u011bka, kter\u00fd by si dok\u00e1zal v\u017edy s\u00e1m poradit se v\u0161emi sv\u00fdmi obt\u00ed\u017eemi. A mnoha lidem tak p\u0159ich\u00e1z\u00ed vhod pomoc ze strany tohoto webu.","url":"https:\/\/www.yrtep.cz","hasPart":[{"@type":"Article","@id":"https:\/\/www.yrtep.cz\/lide-a-elektricke-kartacky\/","headline":"Lid\u00e9 a elektrick\u00e9 kart\u00e1\u010dky","url":"https:\/\/www.yrtep.cz\/lide-a-elektricke-kartacky\/","datePublished":"2023-09-07","dateModified":"2024-06-07","mainEntityOfPage":"https:\/\/www.yrtep.cz\/lide-a-elektricke-kartacky\/","author":{"@type":"Person","@id":"https:\/\/www.yrtep.cz\/author\/#Person","name":"","url":"https:\/\/www.yrtep.cz\/author\/","identifier":1,"image":{"@type":"ImageObject","@id":"https:\/\/secure.gravatar.com\/avatar\/212a6ea425a80cff3df937dbbc230f07127cee4fead311d1e3d946308365d666?s=96&d=mm&r=g","url":"https:\/\/secure.gravatar.com\/avatar\/212a6ea425a80cff3df937dbbc230f07127cee4fead311d1e3d946308365d666?s=96&d=mm&r=g","height":96,"width":96}},"publisher":{"@type":"Organization","name":"yrtep.cz","logo":{"@type":"ImageObject","@id":"\/logo.png","url":"\/logo.png","width":600,"height":60}},"image":{"@type":"ImageObject","@id":"https:\/\/www.yrtep.cz\/wp-content\/uploads\/toothbrush-2127681_640.jpg","url":"https:\/\/www.yrtep.cz\/wp-content\/uploads\/toothbrush-2127681_640.jpg","height":0,"width":0},"wordCount":541,"keywords":null},{"@type":"Article","@id":"https:\/\/www.yrtep.cz\/obratte-se-na-profesionaly\/","headline":"Obra\u0165te se na profesion\u00e1ly","url":"https:\/\/www.yrtep.cz\/obratte-se-na-profesionaly\/","datePublished":"2023-08-29","dateModified":"2023-08-29","mainEntityOfPage":"https:\/\/www.yrtep.cz\/obratte-se-na-profesionaly\/","author":{"@type":"Person","@id":"https:\/\/www.yrtep.cz\/author\/#Person","name":"","url":"https:\/\/www.yrtep.cz\/author\/","identifier":1,"image":{"@type":"ImageObject","@id":"https:\/\/secure.gravatar.com\/avatar\/212a6ea425a80cff3df937dbbc230f07127cee4fead311d1e3d946308365d666?s=96&d=mm&r=g","url":"https:\/\/secure.gravatar.com\/avatar\/212a6ea425a80cff3df937dbbc230f07127cee4fead311d1e3d946308365d666?s=96&d=mm&r=g","height":96,"width":96}},"publisher":{"@type":"Organization","name":"yrtep.cz","logo":{"@type":"ImageObject","@id":"\/logo.png","url":"\/logo.png","width":600,"height":60}},"image":null,"wordCount":307,"keywords":null},{"@type":"Article","@id":"https:\/\/www.yrtep.cz\/par-rad-k-vyberu-svatebniho-oznameni\/","headline":"P\u00e1r rad k v\u00fdb\u011bru svatebn\u00edho ozn\u00e1men\u00ed.","url":"https:\/\/www.yrtep.cz\/par-rad-k-vyberu-svatebniho-oznameni\/","datePublished":"2023-08-21","dateModified":"2023-08-21","mainEntityOfPage":"https:\/\/www.yrtep.cz\/par-rad-k-vyberu-svatebniho-oznameni\/","author":{"@type":"Person","@id":"https:\/\/www.yrtep.cz\/author\/#Person","name":"","url":"https:\/\/www.yrtep.cz\/author\/","identifier":1,"image":{"@type":"ImageObject","@id":"https:\/\/secure.gravatar.com\/avatar\/212a6ea425a80cff3df937dbbc230f07127cee4fead311d1e3d946308365d666?s=96&d=mm&r=g","url":"https:\/\/secure.gravatar.com\/avatar\/212a6ea425a80cff3df937dbbc230f07127cee4fead311d1e3d946308365d666?s=96&d=mm&r=g","height":96,"width":96}},"publisher":{"@type":"Organization","name":"yrtep.cz","logo":{"@type":"ImageObject","@id":"\/logo.png","url":"\/logo.png","width":600,"height":60}},"image":{"@type":"ImageObject","@id":"https:\/\/www.yrtep.cz\/wp-content\/uploads\/pexels-caleb-oquendo-3038145.jpg","url":"https:\/\/www.yrtep.cz\/wp-content\/uploads\/pexels-caleb-oquendo-3038145.jpg","height":0,"width":0},"wordCount":578,"keywords":null},{"@type":"Article","@id":"https:\/\/www.yrtep.cz\/prehlednost-stranek\/","headline":"P\u0159ehlednost str\u00e1nek","url":"https:\/\/www.yrtep.cz\/prehlednost-stranek\/","datePublished":"2023-08-20","dateModified":"2024-06-20","mainEntityOfPage":"https:\/\/www.yrtep.cz\/prehlednost-stranek\/","author":{"@type":"Person","@id":"https:\/\/www.yrtep.cz\/author\/#Person","name":"","url":"https:\/\/www.yrtep.cz\/author\/","identifier":1,"image":{"@type":"ImageObject","@id":"https:\/\/secure.gravatar.com\/avatar\/212a6ea425a80cff3df937dbbc230f07127cee4fead311d1e3d946308365d666?s=96&d=mm&r=g","url":"https:\/\/secure.gravatar.com\/avatar\/212a6ea425a80cff3df937dbbc230f07127cee4fead311d1e3d946308365d666?s=96&d=mm&r=g","height":96,"width":96}},"publisher":{"@type":"Organization","name":"yrtep.cz","logo":{"@type":"ImageObject","@id":"\/logo.png","url":"\/logo.png","width":600,"height":60}},"image":{"@type":"ImageObject","@id":"https:\/\/www.yrtep.cz\/wp-content\/uploads\/search-5235088_1280_1.jpg","url":"https:\/\/www.yrtep.cz\/wp-content\/uploads\/search-5235088_1280_1.jpg","height":0,"width":0},"wordCount":538,"keywords":null},{"@type":"Article","@id":"https:\/\/www.yrtep.cz\/samochodna-sekacka-na-zahradu\/","headline":"Samochodn\u00e1 seka\u010dka na zahradu","url":"https:\/\/www.yrtep.cz\/samochodna-sekacka-na-zahradu\/","datePublished":"2023-07-26","dateModified":"2024-06-26","mainEntityOfPage":"https:\/\/www.yrtep.cz\/samochodna-sekacka-na-zahradu\/","author":{"@type":"Person","@id":"https:\/\/www.yrtep.cz\/author\/#Person","name":"","url":"https:\/\/www.yrtep.cz\/author\/","identifier":1,"image":{"@type":"ImageObject","@id":"https:\/\/secure.gravatar.com\/avatar\/212a6ea425a80cff3df937dbbc230f07127cee4fead311d1e3d946308365d666?s=96&d=mm&r=g","url":"https:\/\/secure.gravatar.com\/avatar\/212a6ea425a80cff3df937dbbc230f07127cee4fead311d1e3d946308365d666?s=96&d=mm&r=g","height":96,"width":96}},"publisher":{"@type":"Organization","name":"yrtep.cz","logo":{"@type":"ImageObject","@id":"\/logo.png","url":"\/logo.png","width":600,"height":60}},"image":{"@type":"ImageObject","@id":"https:\/\/www.yrtep.cz\/wp-content\/uploads\/lawn-mower-414249_640.jpg","url":"https:\/\/www.yrtep.cz\/wp-content\/uploads\/lawn-mower-414249_640.jpg","height":0,"width":0},"wordCount":523,"keywords":null},{"@type":"Article","@id":"https:\/\/www.yrtep.cz\/ziskejte-odborne-znalosti\/","headline":"Z\u00edskejte odborn\u00e9 znalosti","url":"https:\/\/www.yrtep.cz\/ziskejte-odborne-znalosti\/","datePublished":"2023-07-24","dateModified":"2023-07-24","mainEntityOfPage":"https:\/\/www.yrtep.cz\/ziskejte-odborne-znalosti\/","author":{"@type":"Person","@id":"https:\/\/www.yrtep.cz\/author\/#Person","name":"","url":"https:\/\/www.yrtep.cz\/author\/","identifier":1,"image":{"@type":"ImageObject","@id":"https:\/\/secure.gravatar.com\/avatar\/212a6ea425a80cff3df937dbbc230f07127cee4fead311d1e3d946308365d666?s=96&d=mm&r=g","url":"https:\/\/secure.gravatar.com\/avatar\/212a6ea425a80cff3df937dbbc230f07127cee4fead311d1e3d946308365d666?s=96&d=mm&r=g","height":96,"width":96}},"publisher":{"@type":"Organization","name":"yrtep.cz","logo":{"@type":"ImageObject","@id":"\/logo.png","url":"\/logo.png","width":600,"height":60}},"image":null,"wordCount":297,"keywords":null},{"@type":"Article","@id":"https:\/\/www.yrtep.cz\/proc-by-nas-mela-politika-zajimat\/","headline":"Pro\u010d by n\u00e1s m\u011bla politika zaj\u00edmat","url":"https:\/\/www.yrtep.cz\/proc-by-nas-mela-politika-zajimat\/","datePublished":"2023-07-17","dateModified":"2024-06-17","mainEntityOfPage":"https:\/\/www.yrtep.cz\/proc-by-nas-mela-politika-zajimat\/","author":{"@type":"Person","@id":"https:\/\/www.yrtep.cz\/author\/#Person","name":"","url":"https:\/\/www.yrtep.cz\/author\/","identifier":1,"image":{"@type":"ImageObject","@id":"https:\/\/secure.gravatar.com\/avatar\/212a6ea425a80cff3df937dbbc230f07127cee4fead311d1e3d946308365d666?s=96&d=mm&r=g","url":"https:\/\/secure.gravatar.com\/avatar\/212a6ea425a80cff3df937dbbc230f07127cee4fead311d1e3d946308365d666?s=96&d=mm&r=g","height":96,"width":96}},"publisher":{"@type":"Organization","name":"yrtep.cz","logo":{"@type":"ImageObject","@id":"\/logo.png","url":"\/logo.png","width":600,"height":60}},"image":{"@type":"ImageObject","@id":"https:\/\/www.yrtep.cz\/wp-content\/uploads\/aplikace2_10_6.png","url":"https:\/\/www.yrtep.cz\/wp-content\/uploads\/aplikace2_10_6.png","height":0,"width":0},"wordCount":540,"keywords":null},{"@type":"Article","@id":"https:\/\/www.yrtep.cz\/souziti-s-muzem\/","headline":"Sou\u017eit\u00ed s mu\u017eem","url":"https:\/\/www.yrtep.cz\/souziti-s-muzem\/","datePublished":"2023-06-22","dateModified":"2024-05-24","mainEntityOfPage":"https:\/\/www.yrtep.cz\/souziti-s-muzem\/","author":{"@type":"Person","@id":"https:\/\/www.yrtep.cz\/author\/#Person","name":"","url":"https:\/\/www.yrtep.cz\/author\/","identifier":1,"image":{"@type":"ImageObject","@id":"https:\/\/secure.gravatar.com\/avatar\/212a6ea425a80cff3df937dbbc230f07127cee4fead311d1e3d946308365d666?s=96&d=mm&r=g","url":"https:\/\/secure.gravatar.com\/avatar\/212a6ea425a80cff3df937dbbc230f07127cee4fead311d1e3d946308365d666?s=96&d=mm&r=g","height":96,"width":96}},"publisher":{"@type":"Organization","name":"yrtep.cz","logo":{"@type":"ImageObject","@id":"\/logo.png","url":"\/logo.png","width":600,"height":60}},"image":{"@type":"ImageObject","@id":"https:\/\/www.yrtep.cz\/wp-content\/uploads\/pexels-shvets-production-7513206.jpg","url":"https:\/\/www.yrtep.cz\/wp-content\/uploads\/pexels-shvets-production-7513206.jpg","height":0,"width":0},"wordCount":571,"keywords":null},{"@type":"Article","@id":"https:\/\/www.yrtep.cz\/tahne-vas-to-k-umeni\/","headline":"T\u00e1hne v\u00e1s to k um\u011bn\u00ed?","url":"https:\/\/www.yrtep.cz\/tahne-vas-to-k-umeni\/","datePublished":"2023-06-18","dateModified":"2024-06-24","mainEntityOfPage":"https:\/\/www.yrtep.cz\/tahne-vas-to-k-umeni\/","author":{"@type":"Person","@id":"https:\/\/www.yrtep.cz\/author\/#Person","name":"","url":"https:\/\/www.yrtep.cz\/author\/","identifier":1,"image":{"@type":"ImageObject","@id":"https:\/\/secure.gravatar.com\/avatar\/212a6ea425a80cff3df937dbbc230f07127cee4fead311d1e3d946308365d666?s=96&d=mm&r=g","url":"https:\/\/secure.gravatar.com\/avatar\/212a6ea425a80cff3df937dbbc230f07127cee4fead311d1e3d946308365d666?s=96&d=mm&r=g","height":96,"width":96}},"publisher":{"@type":"Organization","name":"yrtep.cz","logo":{"@type":"ImageObject","@id":"\/logo.png","url":"\/logo.png","width":600,"height":60}},"image":null,"wordCount":289,"keywords":null},{"@type":"Article","@id":"https:\/\/www.yrtep.cz\/kvalitni-pece-po-technicke-strance\/","headline":"Kvalitn\u00ed p\u00e9\u010de po technick\u00e9 str\u00e1nce","url":"https:\/\/www.yrtep.cz\/kvalitni-pece-po-technicke-strance\/","datePublished":"2023-05-31","dateModified":"2024-06-04","mainEntityOfPage":"https:\/\/www.yrtep.cz\/kvalitni-pece-po-technicke-strance\/","author":{"@type":"Person","@id":"https:\/\/www.yrtep.cz\/author\/#Person","name":"","url":"https:\/\/www.yrtep.cz\/author\/","identifier":1,"image":{"@type":"ImageObject","@id":"https:\/\/secure.gravatar.com\/avatar\/212a6ea425a80cff3df937dbbc230f07127cee4fead311d1e3d946308365d666?s=96&d=mm&r=g","url":"https:\/\/secure.gravatar.com\/avatar\/212a6ea425a80cff3df937dbbc230f07127cee4fead311d1e3d946308365d666?s=96&d=mm&r=g","height":96,"width":96}},"publisher":{"@type":"Organization","name":"yrtep.cz","logo":{"@type":"ImageObject","@id":"\/logo.png","url":"\/logo.png","width":600,"height":60}},"image":null,"wordCount":327,"keywords":null}]},{"@context":"https:\/\/schema.org","@type":"WebSite","@id":"https:\/\/www.yrtep.cz\/#website","name":"Yrtep","url":"https:\/\/www.yrtep.cz","potentialAction":{"@type":"SearchAction","target":"https:\/\/www.yrtep.cz\/?s={search_term_string}","query-input":"required name=search_term_string"}}]