[{"@context":"https:\/\/schema.org\/","@type":"Article","@id":"https:\/\/www.yrtep.cz\/neni-veda-jako-veda\/#Article","mainEntityOfPage":"https:\/\/www.yrtep.cz\/neni-veda-jako-veda\/","headline":"Nen\u00ed v\u011bda jako v\u011bda","name":"Nen\u00ed v\u011bda jako v\u011bda","description":"J\u00e1 p\u0159edpokl\u00e1d\u00e1m, \u017ee asi ka\u017ed\u00fd \u010dlov\u011bk by\u00a0cht\u011bl b\u00fdt vzd\u011blan\u00fd. Samoz\u0159ejm\u011b, \u017ee v\u00fdjimka potvrzuje pravidlo. Zn\u00e1m n\u011bkter\u00e9 lidi, kte\u0159\u00ed se \u00fapln\u011b t\u011b\u0161ili, a\u017e vychod\u00ed v\u00fdu\u010dn\u00ed obor, aby ihned mohli j\u00edt pracovat. Nebo t\u0159eba n\u011bkomu ani u\u010den\u00ed nejde. A\u00a0tak se nebude zaj\u00edmat o u\u010den\u00ed\u00a0ani o v\u011bdu. Jenom\u017ee u n\u00e1s v\u017edycky ka\u017ed\u00fd m\u011bl vysokou \u0161kolu. J\u00e1 jsem potom","datePublished":"2024-05-22","dateModified":"2024-05-24","author":{"@type":"Person","@id":"https:\/\/www.yrtep.cz\/author\/#Person","name":"","url":"https:\/\/www.yrtep.cz\/author\/","identifier":1,"image":{"@type":"ImageObject","@id":"https:\/\/secure.gravatar.com\/avatar\/212a6ea425a80cff3df937dbbc230f07127cee4fead311d1e3d946308365d666?s=96&d=mm&r=g","url":"https:\/\/secure.gravatar.com\/avatar\/212a6ea425a80cff3df937dbbc230f07127cee4fead311d1e3d946308365d666?s=96&d=mm&r=g","height":96,"width":96}},"publisher":{"@type":"Organization","name":"yrtep.cz","logo":{"@type":"ImageObject","@id":"\/logo.png","url":"\/logo.png","width":600,"height":60}},"image":{"@type":"ImageObject","@id":"https:\/\/www.yrtep.cz\/wp-content\/uploads\/sky-5114501_1280.jpg","url":"https:\/\/www.yrtep.cz\/wp-content\/uploads\/sky-5114501_1280.jpg","height":0,"width":0},"url":"https:\/\/www.yrtep.cz\/neni-veda-jako-veda\/","about":["V\u011bda"],"wordCount":420,"articleBody":"J\u00e1 p\u0159edpokl\u00e1d\u00e1m, \u017ee asi ka\u017ed\u00fd \u010dlov\u011bk by\u00a0cht\u011bl b\u00fdt vzd\u011blan\u00fd. Samoz\u0159ejm\u011b, \u017ee v\u00fdjimka potvrzuje pravidlo. Zn\u00e1m n\u011bkter\u00e9 lidi, kte\u0159\u00ed se \u00fapln\u011b t\u011b\u0161ili, a\u017e vychod\u00ed v\u00fdu\u010dn\u00ed obor, aby ihned mohli j\u00edt pracovat. Nebo t\u0159eba n\u011bkomu ani u\u010den\u00ed nejde. A\u00a0tak se nebude zaj\u00edmat o u\u010den\u00ed\u00a0ani o v\u011bdu. Jenom\u017ee u n\u00e1s v\u017edycky ka\u017ed\u00fd m\u011bl vysokou \u0161kolu. J\u00e1 jsem potom ani netou\u017eila, m\u011b sice v\u011bda a dal\u0161\u00ed v\u011bdn\u00ed obory zaj\u00edmaly. T\u0159eba astronomie a astrologie. Ale bohu\u017eel moc mi u\u010den\u00ed ne\u0161lo. A to hlavn\u011b matematika a fyzika. Tyto dva p\u0159edm\u011bty\u00a0byly opravdu hrozn\u00e9, za to ale obl\u00edben\u00fd\u00a0d\u011bjepis a tak\u00e9 \u010desk\u00fd jazyk a ciz\u00ed jazyky mi \u0161ly. \u0158ekla jsem si, \u017ee ne\u017e abych \u0161la studovat v\u011bdu,\u00a0jako ostatn\u00ed \u010dlenov\u00e9 rodiny, tak jsem \u0161la studovat jazykovou \u0161kolu. Rodi\u010d\u016fm to na\u0161t\u011bst\u00ed ale v\u016fbec nevadilo. Stejn\u011b rodi\u010de \u0159\u00edkali, \u017ee kdy\u017e je d\u00edt\u011b k n\u011b\u010demu nucen\u00e9 nebo je nucen\u00e9 d\u011blat to, co mu nejde anebo co ho nebav\u00ed, tak to pr\u00fd nem\u00e1 ani v\u016fbec \u017e\u00e1dnou cenu. Jednodu\u0161e d\u00edt\u011b se nebude sna\u017eit a u\u010den\u00ed mu potom v\u016fbec nep\u016fjde a tomuhle j\u00e1 d\u00e1v\u00e1m za pravdu. Jenom si p\u0159edstavte, kdybyste t\u0159eba m\u011bli studovat n\u011bjakou v\u011bdu, t\u0159eba medic\u00ednu nebo n\u011bco podobn\u00e9ho, a potom by v\u00e1s to nebavilo. Jak byste se zachovali? \u0160lo by v\u00e1m to?\u00a0Mysl\u00edm si, \u017ee by v\u00e1s to nebavilo a \u017ee byste ka\u017ed\u00e9 r\u00e1no do \u0161koly anebo na praxe vst\u00e1vali \u00fapln\u011b s odporem. Zn\u00e1m n\u011bkter\u00e9 lidi, kte\u0159\u00ed byli donuceni k tomu, aby studovali tu a tu \u0161kolu a vystudovali v\u011bdu anebo jin\u00e9 u\u010debn\u00ed obory a podobn\u011b. V\u017edycky to dopadlo tak, \u017ee potom t\u0159eba po dvou\u00a0nebo po t\u0159ech\u00a0letech museli odej\u00edt, proto\u017ee jim to ne\u0161lo anebo m\u011bli \u00fapln\u011b \u0161patn\u00e9 zn\u00e1mky. Nebo si u\u017e jednozna\u010dn\u011b st\u00e1li za sv\u00fdm, \u017ee tohle d\u011blat nebudou a \u017ee\u00a0p\u0159estoup\u00ed na jinou \u0161kolu.\u00a0J\u00e1 jsem vystudovala tedy historii. Mus\u00edm uznat, \u017ee m\u011b to bav\u00ed, i kdy\u017e se zaj\u00edm\u00e1m je\u0161t\u011b o astronomii, tak v\u011bda je m\u016fj kon\u00ed\u010dek a tak\u00e9 u\u010d\u00edm na jedn\u00e9\u00a0st\u0159edn\u00ed \u0161kole d\u011bjepis.\u00a0                                                                                                                                                                                                                                                                                                                                                                                                "},{"@context":"https:\/\/schema.org\/","@type":"BreadcrumbList","itemListElement":[{"@type":"ListItem","position":1,"name":"Nen\u00ed v\u011bda jako v\u011bda","item":"https:\/\/www.yrtep.cz\/neni-veda-jako-veda\/#breadcrumbitem"}]}]