[{"@context":"https:\/\/schema.org\/","@type":"Article","@id":"https:\/\/www.yrtep.cz\/motorka-pro-deti\/#Article","mainEntityOfPage":"https:\/\/www.yrtep.cz\/motorka-pro-deti\/","headline":"Motorka pro d\u011bti","name":"Motorka pro d\u011bti","description":"M\u016fj mal\u00fd \u0161estilet\u00fd syn si st\u00e1le p\u0159eje motorku. Absolutn\u011b nev\u00edm, kde syn\u00a0na tohle p\u0159i\u0161el, \u017ee i mal\u00e9 d\u011bti mohou m\u00edt motorku. Nakonec mi syn\u00a0vysv\u011btlil, \u017ee ty jeho kamar\u00e1d\u00a0ze \u0161kolky m\u00e1 tak\u00e9 motorku. Byla jsem docela v \u0161oku, \u017ee v\u016fbec existuj\u00ed mal\u00e9 d\u011btsk\u00e9 motorky. Potom mi moje kamar\u00e1dka \u0159ekla, \u017ee i ona u\u017e uva\u017euje pr\u00fd nad\u00a0t\u00edm,","datePublished":"2024-04-28","dateModified":"2024-06-28","author":{"@type":"Person","@id":"https:\/\/www.yrtep.cz\/author\/#Person","name":"","url":"https:\/\/www.yrtep.cz\/author\/","identifier":1,"image":{"@type":"ImageObject","@id":"https:\/\/secure.gravatar.com\/avatar\/212a6ea425a80cff3df937dbbc230f07127cee4fead311d1e3d946308365d666?s=96&d=mm&r=g","url":"https:\/\/secure.gravatar.com\/avatar\/212a6ea425a80cff3df937dbbc230f07127cee4fead311d1e3d946308365d666?s=96&d=mm&r=g","height":96,"width":96}},"publisher":{"@type":"Organization","name":"yrtep.cz","logo":{"@type":"ImageObject","@id":"\/logo.png","url":"\/logo.png","width":600,"height":60}},"image":{"@type":"ImageObject","@id":"https:\/\/www.yrtep.cz\/wp-content\/uploads\/go-kart-4852767_960_720.jpg","url":"https:\/\/www.yrtep.cz\/wp-content\/uploads\/go-kart-4852767_960_720.jpg","height":0,"width":0},"url":"https:\/\/www.yrtep.cz\/motorka-pro-deti\/","about":["Moto"],"wordCount":412,"articleBody":"M\u016fj mal\u00fd \u0161estilet\u00fd syn si st\u00e1le p\u0159eje motorku. Absolutn\u011b nev\u00edm, kde syn\u00a0na tohle p\u0159i\u0161el, \u017ee i mal\u00e9 d\u011bti mohou m\u00edt motorku. Nakonec mi syn\u00a0vysv\u011btlil, \u017ee ty jeho kamar\u00e1d\u00a0ze \u0161kolky m\u00e1 tak\u00e9 motorku. Byla jsem docela v \u0161oku, \u017ee v\u016fbec existuj\u00ed mal\u00e9 d\u011btsk\u00e9 motorky. Potom mi moje kamar\u00e1dka \u0159ekla, \u017ee i ona u\u017e uva\u017euje pr\u00fd nad\u00a0t\u00edm, \u017ee sv\u00e9mu sedmilet\u00e9mu synovi po\u0159\u00edd\u00ed motok\u00e1ru.\u00a0V\u016fbec jsem\u00a0tomu nemohla v\u011b\u0159it a p\u0159i\u0161lo mi to takov\u00e9 divn\u00e9, \u017ee mal\u00e9 d\u011bti mohou m\u00edt motorku. Jak je tohle mo\u017en\u00e9? Proto jsem se rad\u011bji pod\u00edvala na internet, abych se p\u0159esv\u011bd\u010dila, \u017ee opravdu i mal\u00e9 d\u011bti mohou m\u00edt motorku. Samoz\u0159ejm\u011b, \u017ee to nen\u00ed nic rychl\u00e9ho anebo takov\u00e9ho robustn\u00edho. Je to takov\u00e1 mal\u00e1 motorka, kter\u00e1 jede maxim\u00e1ln\u011b desetikilometrovou rychlost\u00ed. \u0158ekla jsem si, \u017ee tohle je sice pravda, ale zase na dal\u0161\u00ed stranu, v\u017edy\u0165 i tak se vlastn\u011b m\u016f\u017ee vybourat, proto\u00a0jsem rad\u011bji synovi \u0159ekla, jestli m\u00edsto motorky nechce t\u0159eba n\u011bjakou \u010dty\u0159kolku anebo motok\u00e1ru. Syn \u0159ekl, \u017ee by to docela bylo skv\u011bl\u00e9, ale \u017ee tak\u00e9 chce m\u00edt hlavn\u011b n\u011bco na l\u00e9to, co\u00a0m\u00e1 jeho kamar\u00e1d. Vy si mo\u017en\u00e1 \u0159\u00edk\u00e1te t\u0159eba, \u017ee syn je rozmazlen\u00fd, \u017ee n\u011bco chce m\u00edt taky. Jenom\u017ee kdy\u017e potom si to po\u0159\u00eddili je\u0161t\u011b dal\u0161\u00edho kamar\u00e1d, tak jsem si \u0159ekla, \u017ee aby syn mohl si s nimi hr\u00e1t, aby tak\u00e9 mohl jezdit, tak mu n\u011bjakou \u010dty\u0159kolku po\u0159\u00edd\u00edm. Ne p\u0159\u00edmo motorku, ale \u010dty\u0159kolku. \u010cty\u0159kolka mi p\u0159ijde v\u00edce bezpe\u010dn\u00e1 ne\u017e motorka. P\u0159eci jenom, kdy\u017e zastav\u00ed, tak \u010dty\u0159kolka bude st\u00e1t na v\u0161ech kolech, kde\u017eto motorka, ta by mohla p\u0159epadnout. Proto je nejlep\u0161\u00ed, kdy\u017e i vy si to rozmysl\u00edte. Co bude pro v\u00e1s opravdu nejv\u00edce u\u017eite\u010dn\u00e9? A nav\u00edc, kdy\u017e vy t\u0159eba m\u00e1te kolo, tak m\u016f\u017eete tak\u00e9 jezdit na v\u00fdlety, vy na kole a va\u0161e d\u00edt\u011b na \u010dty\u0159kolce anebo t\u0159eba na motorce. Hlavn\u011b to z\u00e1le\u017e\u00ed podle toho, co vy si vyberete. J\u00e1 sama za sebe doporu\u010duji \u010dty\u0159kolku\u00a0koupit d\u00edt\u011bti ne\u017e n\u011bjakou d\u011btskou motorku.                                                                                                                                                                                                                                                                                                                                                                                                "},{"@context":"https:\/\/schema.org\/","@type":"BreadcrumbList","itemListElement":[{"@type":"ListItem","position":1,"name":"Motorka pro d\u011bti","item":"https:\/\/www.yrtep.cz\/motorka-pro-deti\/#breadcrumbitem"}]}]